{"id":45654,"date":"2026-01-15T09:05:34","date_gmt":"2026-01-15T15:05:34","guid":{"rendered":"https:\/\/westcoastemploymentlawyers.com\/press-and--media\/el-juicio-del-sospechoso-del-ataque-con-camion-en-nueva-york-pone-de-relieve-las-politicas-de-ejecucion-de-biden\/"},"modified":"2026-01-15T09:05:34","modified_gmt":"2026-01-15T15:05:34","slug":"el-juicio-del-sospechoso-del-ataque-con-camion-en-nueva-york-pone-de-relieve-las-politicas-de-ejecucion-de-biden","status":"publish","type":"press-and--media","link":"https:\/\/westcoastemploymentlawyers.com\/es\/press-and--media\/el-juicio-del-sospechoso-del-ataque-con-camion-en-nueva-york-pone-de-relieve-las-politicas-de-ejecucion-de-biden\/","title":{"rendered":"El juicio del sospechoso del ataque con cami\u00f3n en Nueva York pone de relieve las pol\u00edticas de ejecuci\u00f3n de Biden"},"content":{"rendered":"","protected":false},"featured_media":45661,"parent":0,"template":"","meta":{"footnotes":""},"channel":[],"class_list":["post-45654","press-and--media","type-press-and--media","status-publish","has-post-thumbnail","hentry"],"acf":[],"yoast_head":"<!-- This site is optimized with the Yoast SEO Premium plugin v26.9 (Yoast SEO v27.5) - https:\/\/yoast.com\/product\/yoast-seo-premium-wordpress\/ -->\n<title>El juicio del sospechoso del ataque con cami\u00f3n en Nueva York pone de relieve las pol\u00edticas de ejecuci\u00f3n de Biden | West Coast Employment Lawyers<\/title>\n<meta name=\"robots\" content=\"index, follow, max-snippet:-1, max-image-preview:large, max-video-preview:-1\" \/>\n<link rel=\"canonical\" href=\"https:\/\/westcoastemploymentlawyers.com\/es\/press-and--media\/el-juicio-del-sospechoso-del-ataque-con-camion-en-nueva-york-pone-de-relieve-las-politicas-de-ejecucion-de-biden\/\" \/>\n<meta property=\"og:locale\" content=\"es_ES\" \/>\n<meta property=\"og:type\" content=\"article\" \/>\n<meta property=\"og:title\" content=\"El juicio del sospechoso del ataque con cami\u00f3n en Nueva York pone de relieve las pol\u00edticas de ejecuci\u00f3n de Biden\" \/>\n<meta property=\"og:url\" content=\"https:\/\/westcoastemploymentlawyers.com\/es\/press-and--media\/el-juicio-del-sospechoso-del-ataque-con-camion-en-nueva-york-pone-de-relieve-las-politicas-de-ejecucion-de-biden\/\" \/>\n<meta property=\"og:site_name\" content=\"West Coast Employment Lawyers\" \/>\n<meta property=\"article:publisher\" content=\"https:\/\/www.facebook.com\/westcoastemploymentlawyers\" \/>\n<meta property=\"og:image\" content=\"https:\/\/westcoastemploymentlawyers.com\/wp-content\/uploads\/2025\/08\/imgi_18_3500-1.webp\" \/>\n\t<meta property=\"og:image:width\" content=\"1290\" \/>\n\t<meta property=\"og:image:height\" content=\"774\" \/>\n\t<meta property=\"og:image:type\" content=\"image\/webp\" \/>\n<script type=\"application\/ld+json\" class=\"yoast-schema-graph\">{\"@context\":\"https:\\\/\\\/schema.org\",\"@graph\":[{\"@type\":[\"WebPage\",\"CollectionPage\"],\"@id\":\"https:\\\/\\\/westcoastemploymentlawyers.com\\\/es\\\/press-and--media\\\/el-juicio-del-sospechoso-del-ataque-con-camion-en-nueva-york-pone-de-relieve-las-politicas-de-ejecucion-de-biden\\\/\",\"url\":\"https:\\\/\\\/westcoastemploymentlawyers.com\\\/es\\\/press-and--media\\\/el-juicio-del-sospechoso-del-ataque-con-camion-en-nueva-york-pone-de-relieve-las-politicas-de-ejecucion-de-biden\\\/\",\"name\":\"El juicio del sospechoso del ataque con cami\u00f3n en Nueva York pone de relieve las pol\u00edticas de ejecuci\u00f3n de Biden | West Coast Employment Lawyers\",\"isPartOf\":{\"@id\":\"https:\\\/\\\/westcoastemploymentlawyers.com\\\/es\\\/#website\"},\"primaryImageOfPage\":{\"@id\":\"https:\\\/\\\/westcoastemploymentlawyers.com\\\/es\\\/press-and--media\\\/el-juicio-del-sospechoso-del-ataque-con-camion-en-nueva-york-pone-de-relieve-las-politicas-de-ejecucion-de-biden\\\/#primaryimage\"},\"image\":{\"@id\":\"https:\\\/\\\/westcoastemploymentlawyers.com\\\/es\\\/press-and--media\\\/el-juicio-del-sospechoso-del-ataque-con-camion-en-nueva-york-pone-de-relieve-las-politicas-de-ejecucion-de-biden\\\/#primaryimage\"},\"thumbnailUrl\":\"https:\\\/\\\/westcoastemploymentlawyers.com\\\/wp-content\\\/uploads\\\/2025\\\/08\\\/imgi_18_3500-1.webp\",\"datePublished\":\"2026-01-15T15:05:34+00:00\",\"breadcrumb\":{\"@id\":\"https:\\\/\\\/westcoastemploymentlawyers.com\\\/es\\\/press-and--media\\\/el-juicio-del-sospechoso-del-ataque-con-camion-en-nueva-york-pone-de-relieve-las-politicas-de-ejecucion-de-biden\\\/#breadcrumb\"},\"inLanguage\":\"es\"},{\"@type\":\"ImageObject\",\"inLanguage\":\"es\",\"@id\":\"https:\\\/\\\/westcoastemploymentlawyers.com\\\/es\\\/press-and--media\\\/el-juicio-del-sospechoso-del-ataque-con-camion-en-nueva-york-pone-de-relieve-las-politicas-de-ejecucion-de-biden\\\/#primaryimage\",\"url\":\"https:\\\/\\\/westcoastemploymentlawyers.com\\\/wp-content\\\/uploads\\\/2025\\\/08\\\/imgi_18_3500-1.webp\",\"contentUrl\":\"https:\\\/\\\/westcoastemploymentlawyers.com\\\/wp-content\\\/uploads\\\/2025\\\/08\\\/imgi_18_3500-1.webp\",\"width\":1290,\"height\":774},{\"@type\":\"BreadcrumbList\",\"@id\":\"https:\\\/\\\/westcoastemploymentlawyers.com\\\/es\\\/press-and--media\\\/el-juicio-del-sospechoso-del-ataque-con-camion-en-nueva-york-pone-de-relieve-las-politicas-de-ejecucion-de-biden\\\/#breadcrumb\",\"itemListElement\":[{\"@type\":\"ListItem\",\"position\":1,\"name\":\"Home\",\"item\":\"https:\\\/\\\/westcoastemploymentlawyers.com\\\/es\\\/\"},{\"@type\":\"ListItem\",\"position\":2,\"name\":\"El juicio del sospechoso del ataque con cami\u00f3n en Nueva York pone de relieve las pol\u00edticas de ejecuci\u00f3n de Biden\"}]},{\"@type\":\"WebSite\",\"@id\":\"https:\\\/\\\/westcoastemploymentlawyers.com\\\/es\\\/#website\",\"url\":\"https:\\\/\\\/westcoastemploymentlawyers.com\\\/es\\\/\",\"name\":\"West Coast Employment Lawyers\",\"description\":\"Ranked #1 Employment Law Firm in Los Angeles\",\"publisher\":{\"@id\":\"https:\\\/\\\/westcoastemploymentlawyers.com\\\/es\\\/#organization\"},\"alternateName\":\"WCEL\",\"potentialAction\":[{\"@type\":\"SearchAction\",\"target\":{\"@type\":\"EntryPoint\",\"urlTemplate\":\"https:\\\/\\\/westcoastemploymentlawyers.com\\\/es\\\/?s={search_term_string}\"},\"query-input\":{\"@type\":\"PropertyValueSpecification\",\"valueRequired\":true,\"valueName\":\"search_term_string\"}}],\"inLanguage\":\"es\"},{\"@type\":\"Organization\",\"@id\":\"https:\\\/\\\/westcoastemploymentlawyers.com\\\/es\\\/#organization\",\"name\":\"West Coast Employment Lawyers\",\"alternateName\":\"WCEL\",\"url\":\"https:\\\/\\\/westcoastemploymentlawyers.com\\\/es\\\/\",\"logo\":{\"@type\":\"ImageObject\",\"inLanguage\":\"es\",\"@id\":\"https:\\\/\\\/westcoastemploymentlawyers.com\\\/es\\\/#\\\/schema\\\/logo\\\/image\\\/\",\"url\":\"https:\\\/\\\/westcoastemploymentlawyers.com\\\/wp-content\\\/uploads\\\/2026\\\/01\\\/logo-wcel.svg\",\"contentUrl\":\"https:\\\/\\\/westcoastemploymentlawyers.com\\\/wp-content\\\/uploads\\\/2026\\\/01\\\/logo-wcel.svg\",\"width\":2149,\"height\":1191,\"caption\":\"West Coast Employment Lawyers\"},\"image\":{\"@id\":\"https:\\\/\\\/westcoastemploymentlawyers.com\\\/es\\\/#\\\/schema\\\/logo\\\/image\\\/\"},\"sameAs\":[\"https:\\\/\\\/www.facebook.com\\\/westcoastemploymentlawyers\",\"https:\\\/\\\/x.com\\\/WestCoastTrial\",\"https:\\\/\\\/www.yelp.com\\\/biz\\\/west-coast-employment-lawyers-los-angeles-2\",\"https:\\\/\\\/www.instagram.com\\\/westcoastemploymentlawyer\\\/\",\"https:\\\/\\\/www.youtube.com\\\/channel\\\/UCq1vPkTbMm61tWdRrLsygdw\"],\"description\":\"West Coast Employment Lawyers is a California employment law firm that represents workers in a wide range of labor and employment disputes, including wrongful termination, workplace discrimination, sexual harassment, retaliation, whistleblower claims, and wage and hour violations. The firm is committed to protecting employee rights, advocating for fair treatment in the workplace, and pursuing maximum compensation for individuals harmed by unlawful employment practices throughout California.\",\"telephone\":\"866-540-6682\",\"legalName\":\"West Coast Employment Lawyers\",\"numberOfEmployees\":{\"@type\":\"QuantitativeValue\",\"minValue\":\"51\",\"maxValue\":\"200\"}}]}<\/script>\n<!-- \/ Yoast SEO Premium plugin. -->","yoast_head_json":{"title":"El juicio del sospechoso del ataque con cami\u00f3n en Nueva York pone de relieve las pol\u00edticas de ejecuci\u00f3n de Biden | West Coast Employment Lawyers","robots":{"index":"index","follow":"follow","max-snippet":"max-snippet:-1","max-image-preview":"max-image-preview:large","max-video-preview":"max-video-preview:-1"},"canonical":"https:\/\/westcoastemploymentlawyers.com\/es\/press-and--media\/el-juicio-del-sospechoso-del-ataque-con-camion-en-nueva-york-pone-de-relieve-las-politicas-de-ejecucion-de-biden\/","og_locale":"es_ES","og_type":"article","og_title":"El juicio del sospechoso del ataque con cami\u00f3n en Nueva York pone de relieve las pol\u00edticas de ejecuci\u00f3n de Biden","og_url":"https:\/\/westcoastemploymentlawyers.com\/es\/press-and--media\/el-juicio-del-sospechoso-del-ataque-con-camion-en-nueva-york-pone-de-relieve-las-politicas-de-ejecucion-de-biden\/","og_site_name":"West Coast Employment Lawyers","article_publisher":"https:\/\/www.facebook.com\/westcoastemploymentlawyers","og_image":[{"width":1290,"height":774,"url":"https:\/\/westcoastemploymentlawyers.com\/wp-content\/uploads\/2025\/08\/imgi_18_3500-1.webp","type":"image\/webp"}],"schema":{"@context":"https:\/\/schema.org","@graph":[{"@type":["WebPage","CollectionPage"],"@id":"https:\/\/westcoastemploymentlawyers.com\/es\/press-and--media\/el-juicio-del-sospechoso-del-ataque-con-camion-en-nueva-york-pone-de-relieve-las-politicas-de-ejecucion-de-biden\/","url":"https:\/\/westcoastemploymentlawyers.com\/es\/press-and--media\/el-juicio-del-sospechoso-del-ataque-con-camion-en-nueva-york-pone-de-relieve-las-politicas-de-ejecucion-de-biden\/","name":"El juicio del sospechoso del ataque con cami\u00f3n en Nueva York pone de relieve las pol\u00edticas de ejecuci\u00f3n de Biden | West Coast Employment Lawyers","isPartOf":{"@id":"https:\/\/westcoastemploymentlawyers.com\/es\/#website"},"primaryImageOfPage":{"@id":"https:\/\/westcoastemploymentlawyers.com\/es\/press-and--media\/el-juicio-del-sospechoso-del-ataque-con-camion-en-nueva-york-pone-de-relieve-las-politicas-de-ejecucion-de-biden\/#primaryimage"},"image":{"@id":"https:\/\/westcoastemploymentlawyers.com\/es\/press-and--media\/el-juicio-del-sospechoso-del-ataque-con-camion-en-nueva-york-pone-de-relieve-las-politicas-de-ejecucion-de-biden\/#primaryimage"},"thumbnailUrl":"https:\/\/westcoastemploymentlawyers.com\/wp-content\/uploads\/2025\/08\/imgi_18_3500-1.webp","datePublished":"2026-01-15T15:05:34+00:00","breadcrumb":{"@id":"https:\/\/westcoastemploymentlawyers.com\/es\/press-and--media\/el-juicio-del-sospechoso-del-ataque-con-camion-en-nueva-york-pone-de-relieve-las-politicas-de-ejecucion-de-biden\/#breadcrumb"},"inLanguage":"es"},{"@type":"ImageObject","inLanguage":"es","@id":"https:\/\/westcoastemploymentlawyers.com\/es\/press-and--media\/el-juicio-del-sospechoso-del-ataque-con-camion-en-nueva-york-pone-de-relieve-las-politicas-de-ejecucion-de-biden\/#primaryimage","url":"https:\/\/westcoastemploymentlawyers.com\/wp-content\/uploads\/2025\/08\/imgi_18_3500-1.webp","contentUrl":"https:\/\/westcoastemploymentlawyers.com\/wp-content\/uploads\/2025\/08\/imgi_18_3500-1.webp","width":1290,"height":774},{"@type":"BreadcrumbList","@id":"https:\/\/westcoastemploymentlawyers.com\/es\/press-and--media\/el-juicio-del-sospechoso-del-ataque-con-camion-en-nueva-york-pone-de-relieve-las-politicas-de-ejecucion-de-biden\/#breadcrumb","itemListElement":[{"@type":"ListItem","position":1,"name":"Home","item":"https:\/\/westcoastemploymentlawyers.com\/es\/"},{"@type":"ListItem","position":2,"name":"El juicio del sospechoso del ataque con cami\u00f3n en Nueva York pone de relieve las pol\u00edticas de ejecuci\u00f3n de Biden"}]},{"@type":"WebSite","@id":"https:\/\/westcoastemploymentlawyers.com\/es\/#website","url":"https:\/\/westcoastemploymentlawyers.com\/es\/","name":"West Coast Employment Lawyers","description":"Ranked #1 Employment Law Firm in Los Angeles","publisher":{"@id":"https:\/\/westcoastemploymentlawyers.com\/es\/#organization"},"alternateName":"WCEL","potentialAction":[{"@type":"SearchAction","target":{"@type":"EntryPoint","urlTemplate":"https:\/\/westcoastemploymentlawyers.com\/es\/?s={search_term_string}"},"query-input":{"@type":"PropertyValueSpecification","valueRequired":true,"valueName":"search_term_string"}}],"inLanguage":"es"},{"@type":"Organization","@id":"https:\/\/westcoastemploymentlawyers.com\/es\/#organization","name":"West Coast Employment Lawyers","alternateName":"WCEL","url":"https:\/\/westcoastemploymentlawyers.com\/es\/","logo":{"@type":"ImageObject","inLanguage":"es","@id":"https:\/\/westcoastemploymentlawyers.com\/es\/#\/schema\/logo\/image\/","url":"https:\/\/westcoastemploymentlawyers.com\/wp-content\/uploads\/2026\/01\/logo-wcel.svg","contentUrl":"https:\/\/westcoastemploymentlawyers.com\/wp-content\/uploads\/2026\/01\/logo-wcel.svg","width":2149,"height":1191,"caption":"West Coast Employment Lawyers"},"image":{"@id":"https:\/\/westcoastemploymentlawyers.com\/es\/#\/schema\/logo\/image\/"},"sameAs":["https:\/\/www.facebook.com\/westcoastemploymentlawyers","https:\/\/x.com\/WestCoastTrial","https:\/\/www.yelp.com\/biz\/west-coast-employment-lawyers-los-angeles-2","https:\/\/www.instagram.com\/westcoastemploymentlawyer\/","https:\/\/www.youtube.com\/channel\/UCq1vPkTbMm61tWdRrLsygdw"],"description":"West Coast Employment Lawyers is a California employment law firm that represents workers in a wide range of labor and employment disputes, including wrongful termination, workplace discrimination, sexual harassment, retaliation, whistleblower claims, and wage and hour violations. The firm is committed to protecting employee rights, advocating for fair treatment in the workplace, and pursuing maximum compensation for individuals harmed by unlawful employment practices throughout California.","telephone":"866-540-6682","legalName":"West Coast Employment Lawyers","numberOfEmployees":{"@type":"QuantitativeValue","minValue":"51","maxValue":"200"}}]}},"_links":{"self":[{"href":"https:\/\/westcoastemploymentlawyers.com\/es\/wp-json\/wp\/v2\/press-and--media\/45654","targetHints":{"allow":["GET"]}}],"collection":[{"href":"https:\/\/westcoastemploymentlawyers.com\/es\/wp-json\/wp\/v2\/press-and--media"}],"about":[{"href":"https:\/\/westcoastemploymentlawyers.com\/es\/wp-json\/wp\/v2\/types\/press-and--media"}],"version-history":[{"count":0,"href":"https:\/\/westcoastemploymentlawyers.com\/es\/wp-json\/wp\/v2\/press-and--media\/45654\/revisions"}],"wp:featuredmedia":[{"embeddable":true,"href":"https:\/\/westcoastemploymentlawyers.com\/es\/wp-json\/wp\/v2\/media\/45661"}],"wp:attachment":[{"href":"https:\/\/westcoastemploymentlawyers.com\/es\/wp-json\/wp\/v2\/media?parent=45654"}],"wp:term":[{"taxonomy":"channel","embeddable":true,"href":"https:\/\/westcoastemploymentlawyers.com\/es\/wp-json\/wp\/v2\/channel?post=45654"}],"curies":[{"name":"wp","href":"https:\/\/api.w.org\/{rel}","templated":true}]}}